[{"@context":"https:\/\/schema.org\/","@type":"Article","@id":"https:\/\/www.olung.cz\/co-je-silvini-a-proc-je-dobre-je-znat\/#Article","mainEntityOfPage":"https:\/\/www.olung.cz\/co-je-silvini-a-proc-je-dobre-je-znat\/","headline":"Co je Silvini a pro\u010d je dobr\u00e9 je zn\u00e1t.","name":"Co je Silvini a pro\u010d je dobr\u00e9 je zn\u00e1t.","description":"Ka\u017ed\u00fd \u010dlov\u011bk m\u00e1 tendenci ka\u017ed\u00fd den se o sebe starat. A to nejen po t\u00e9 fyzick\u00e9 str\u00e1nce. Jako je b\u011b\u017en\u00e1 hygiena i p\u00e9\u010de o t\u011blo a vlasy. A pokud se chceme c\u00edtit dob\u0159e, je d\u016fle\u017eit\u00e9 udr\u017eovat i pozitivn\u00ed my\u0161lenky, kter\u00e9","datePublished":"2024-09-10","dateModified":"2024-09-10","author":{"@type":"Person","@id":"https:\/\/www.olung.cz\/author\/#Person","name":"","url":"https:\/\/www.olung.cz\/author\/","identifier":1,"image":{"@type":"ImageObject","@id":"https:\/\/secure.gravatar.com\/avatar\/4860d213c5bedfa07ff2b166ff7b069759f9dbf79eae813578c75f9f8cb939b7?s=96&d=mm&r=g","url":"https:\/\/secure.gravatar.com\/avatar\/4860d213c5bedfa07ff2b166ff7b069759f9dbf79eae813578c75f9f8cb939b7?s=96&d=mm&r=g","height":96,"width":96}},"publisher":{"@type":"Organization","name":"olung.cz","logo":{"@type":"ImageObject","@id":"\/logo.png","url":"\/logo.png","width":600,"height":60}},"image":{"@type":"ImageObject","@id":"https:\/\/www.olung.cz\/wp-content\/uploads\/action-1850677_640_1.jpg","url":"https:\/\/www.olung.cz\/wp-content\/uploads\/action-1850677_640_1.jpg","height":0,"width":0},"url":"https:\/\/www.olung.cz\/co-je-silvini-a-proc-je-dobre-je-znat\/","about":["Nakupov\u00e1n\u00ed"],"wordCount":461,"articleBody":"   Ka\u017ed\u00fd \u010dlov\u011bk m\u00e1 tendenci ka\u017ed\u00fd den se o sebe starat. A to nejen po t\u00e9 fyzick\u00e9 str\u00e1nce. Jako je b\u011b\u017en\u00e1 hygiena i p\u00e9\u010de o t\u011blo a vlasy. A pokud se chceme c\u00edtit dob\u0159e, je d\u016fle\u017eit\u00e9 udr\u017eovat i pozitivn\u00ed my\u0161lenky, kter\u00e9 n\u00e1m n\u00e1sledn\u011b p\u0159inesou i pozitivn\u00ed zm\u011bny v \u017eivot\u011b. Ale p\u0159em\u00fd\u0161leli jste nad t\u00edm, \u017ee i oble\u010den\u00ed m\u00e1 velikou moc? Jak \u010dasto se c\u00edt\u00edte \u0161patn\u011b v nepadnouc\u00edm oble\u010den\u00ed? Kter\u00e9 v\u00e1s dokonce \u0161krt\u00ed, sv\u011bd\u00ed anebo jenom v\u00e1m jednodu\u0161e nesedne? V takov\u00e9m oble\u010den\u00ed je velmi t\u011b\u017ek\u00e9 p\u0159e\u010dkat celodenn\u00ed shon v pr\u00e1ci anebo nam\u00e1hav\u00fd sportovn\u00ed v\u00fdkon v t\u011blocvi\u010dn\u011b. A tak tedy bychom m\u011bli v\u00fdb\u011bru sv\u00e9ho oble\u010den\u00ed v\u011bnovat v\u011bt\u0161\u00ed pozornost. A hlavn\u011b vyb\u00edrat si jen oble\u010den\u00ed, kter\u00e9 je opravdu vyroben\u00e9 jen z t\u011bch nejp\u0159\u00edjemn\u011bj\u0161\u00edch materi\u00e1l\u016f. Jako jsou nap\u0159\u00edklad bavlna anebo dokonce bio bavlna. Ale z\u00e1le\u017e\u00ed, na jakou \u010dinnost si budete po\u0159izovat. Je v\u017edy rozd\u00edl mezi t\u00edm, jestli budete oble\u010den\u00ed nosit ven, do m\u011bsta anebo do t\u011blocvi\u010dny. A sly\u0161eli jste ji\u017e n\u011bkdy o zna\u010dce Silvini? Jestli ne, nezoufejte. Zjist\u00edte, \u017ee se jedn\u00e1 o velmi kvalitn\u00ed oble\u010den\u00ed. Tato firma je ryze \u010desk\u00e1, a tak budete p\u0159i koupi podporovat na\u0161i ekonomiku. A nav\u00edc oble\u010den\u00ed, kter\u00e9 je \u0161it\u00e9 v \u010cesk\u00e9 republice je velice kvalitn\u00ed a odoln\u00e9. Tato firma se specializuje na v\u00fdrobu sportovn\u00edho oble\u010den\u00ed, kde v\u0161ichni, kte\u0159\u00ed se na v\u00fdrob\u011b oble\u010den\u00ed pod\u00edlej\u00ed jsou sportovci. Nejv\u00edce se zam\u011b\u0159uj\u00ed na oble\u010den\u00ed, kter\u00e9 je vhodn\u00e9 na cyklistiku a ze zimn\u00edch sport\u016f jsou to zejm\u00e9na b\u011b\u017eky. Toto sportovn\u00ed oble\u010den\u00ed ocen\u00ed jak velmi aktivn\u00ed sportovci, ale i ti kte\u0159\u00ed si zajedou na kolo jenom rekrea\u010dn\u011b. Oble\u010den\u00ed jako takov\u00e9 se v\u017edycky vyr\u00e1b\u011blo v \u010cesk\u00e9 republice. A tady se tak\u00e9 d\u00e1le vyv\u00edj\u00ed kone\u010dn\u00fd design. Vyr\u00e1b\u011bj\u00ed se ale v \u010c\u00edn\u011b, kde na n\u011b ov\u0161em dohl\u00ed\u017eej\u00ed \u0161kolen\u00ed pracovn\u00edci, kte\u0159\u00ed si hl\u00eddaj\u00ed kvalitu i st\u0159ih oble\u010den\u00ed. Oble\u010den\u00ed je vyrobeno z kompresivn\u00edho materi\u00e1lu, kter\u00fd dokonale p\u0159ilne k va\u0161\u00ed postav\u011b a t\u00edm p\u00e1dem se zv\u00fd\u0161\u00ed pr\u016ftok va\u0161eho krevn\u00edho ob\u011bhu. A tak\u00e9 climawell zabra\u0148uje mno\u017een\u00ed bakteri\u00ed, vir\u016f anebo pl\u00edsn\u00ed. A tak naprosto dokonale dok\u00e1\u017ee eliminovat ve\u0161ker\u00fd nep\u0159\u00edjemn\u00fd z\u00e1pach. Materi\u00e1l je p\u0159\u00edjemn\u00fd na dotek a tak\u00e9 zaji\u0161\u0165uje pot\u0159ebnou izolaci.                                                                                                                                                                                                                                                                                                                                                                                           4.6\/5 - (7 votes)        "},{"@context":"https:\/\/schema.org\/","@type":"BreadcrumbList","itemListElement":[{"@type":"ListItem","position":1,"name":"Co je Silvini a pro\u010d je dobr\u00e9 je zn\u00e1t.","item":"https:\/\/www.olung.cz\/co-je-silvini-a-proc-je-dobre-je-znat\/#breadcrumbitem"}]}]