[{"@context":"https:\/\/schema.org\/","@type":"Article","@id":"https:\/\/www.olung.cz\/neni-duvod-k-jasotu\/#Article","mainEntityOfPage":"https:\/\/www.olung.cz\/neni-duvod-k-jasotu\/","headline":"Nen\u00ed d\u016fvod k j\u00e1sotu","name":"Nen\u00ed d\u016fvod k j\u00e1sotu","description":"Kdykoliv dnes sleduji jak\u00e9koliv zpr\u00e1vy, u\u017e p\u0159edem v\u00edm, co m\u011b tam \u010dek\u00e1. \u017de si tam bude n\u011bkdo st\u011b\u017eovat na pom\u011bry, kter\u00e9 u n\u00e1s panuj\u00ed. A to na ty ekonomick\u00e9 a finan\u010dn\u00ed. Spokojenci jako by se v\u00a0na\u0161ich \u0159ad\u00e1ch snad ani nevyskytovali","datePublished":"2024-03-27","dateModified":"2024-03-27","author":{"@type":"Person","@id":"https:\/\/www.olung.cz\/author\/#Person","name":"","url":"https:\/\/www.olung.cz\/author\/","identifier":1,"image":{"@type":"ImageObject","@id":"https:\/\/secure.gravatar.com\/avatar\/4860d213c5bedfa07ff2b166ff7b069759f9dbf79eae813578c75f9f8cb939b7?s=96&d=mm&r=g","url":"https:\/\/secure.gravatar.com\/avatar\/4860d213c5bedfa07ff2b166ff7b069759f9dbf79eae813578c75f9f8cb939b7?s=96&d=mm&r=g","height":96,"width":96}},"publisher":{"@type":"Organization","name":"olung.cz","logo":{"@type":"ImageObject","@id":"\/logo.png","url":"\/logo.png","width":600,"height":60}},"image":{"@type":"ImageObject","@id":"https:\/\/www.olung.cz\/wp-content\/uploads\/%C5%BE%C5%BE%C5%BE%C5%BE%C5%BE%C5%BE%C5%BE%C5%BE%C5%BE%C5%BE_2.jpg","url":"https:\/\/www.olung.cz\/wp-content\/uploads\/%C5%BE%C5%BE%C5%BE%C5%BE%C5%BE%C5%BE%C5%BE%C5%BE%C5%BE%C5%BE_2.jpg","height":0,"width":0},"url":"https:\/\/www.olung.cz\/neni-duvod-k-jasotu\/","about":["Ekonomika"],"wordCount":432,"articleBody":"Kdykoliv dnes sleduji jak\u00e9koliv zpr\u00e1vy, u\u017e p\u0159edem v\u00edm, co m\u011b tam \u010dek\u00e1. \u017de si tam bude n\u011bkdo st\u011b\u017eovat na pom\u011bry, kter\u00e9 u n\u00e1s panuj\u00ed. A to na ty ekonomick\u00e9 a finan\u010dn\u00ed. Spokojenci jako by se v\u00a0na\u0161ich \u0159ad\u00e1ch snad ani nevyskytovali a my jako bychom do jednoho um\u00edrali hlady. Co\u017e neodpov\u00edd\u00e1 realit\u011b, ale vyzn\u00edv\u00e1 to tak. A by\u0165 sklid\u00edm jist\u011b vlnu kritiky, nejsem zast\u00e1ncem n\u00e1zoru, \u017ee jsou na\u0161inci v\u00a0zoufal\u00e9 situaci, \u017ee n\u00e1s vl\u00e1dnouc\u00ed politici uvrhuj\u00ed do b\u00eddy a nech\u00e1vaj\u00ed n\u00e1s trp\u011bt, proto\u017ee se nem\u016f\u017eeme jako\u017eto mal\u00ed a slab\u00ed br\u00e1nit.St\u00e1t tu toti\u017e podle mne je proto, aby spravoval na\u0161e spole\u010dn\u00e9 z\u00e1le\u017eitosti. A pokud u\u017e se m\u00e1 o n\u011bkoho starat, pak by to m\u011bl b\u00fdt p\u0159\u00edpad jenom t\u011bch, kdo jsou natolik handicapovan\u00ed, \u017ee se o sebe zkr\u00e1tka sami postarat nedok\u00e1\u017eou, ani kdyby se sna\u017eili sebev\u00edc. Zat\u00edmco osudy jednotlivc\u016f by m\u011bly b\u00fdt v\u00fdhradn\u011b z\u00e1le\u017eitost\u00ed doty\u010dn\u00fdch samotn\u00fdch.\u00a0Je tady spousta t\u011bch, kdo si st\u011b\u017euj\u00ed na to, \u017ee si m\u00e1lo vyd\u011bl\u00e1vaj\u00ed. A je n\u011bkdy z\u0159ejm\u00e9, \u017ee tomu tak je. Ale s\u00a0t\u00edm nem\u00e1 ekonomika tohoto st\u00e1tu moc spole\u010dn\u00e9ho. Kdy\u017e lid\u00e9 p\u0159ijali svoji pr\u00e1ci, maj\u00ed akceptovat i to, za co ji odv\u00e1d\u011bj\u00ed. A jestli jim to nevyhovuje?Pak by m\u011bli nev\u00fdhodn\u00e9 nab\u00eddky pr\u00e1ce ignorovat. Co\u017e by donutilo zam\u011bstnavatele mzdy zv\u00fd\u0161it. P\u0159\u00edpadn\u011b pracovn\u00ed m\u00edsta zru\u0161it, kdy\u017e by nemohli lidi adekv\u00e1tn\u011b zaplatit. A kdy\u017e n\u011bkdo pr\u00e1ci vezme, a\u010d se v\u00a0n\u00ed neu\u017eiv\u00ed, je to jeho volba. A nem\u016f\u017ee o\u010dek\u00e1vat, \u017ee mu to st\u00e1t dorovn\u00e1. Nebo by to nem\u011bl o\u010dek\u00e1vat. Ale jsme bohu\u017eel sv\u011bdky sp\u00ed\u0161e opa\u010dn\u00fdch n\u00e1zor\u016f, kdy lid\u00e9 p\u0159edpokl\u00e1daj\u00ed, \u017ee jim bude st\u00e1t p\u0159id\u00e1vat ze spole\u010dn\u00e9 kasy, a\u010d mu do toho nic nen\u00ed.A pro politiky je v\u00fdhodn\u00e9 p\u0159isp\u00edvat nespokojen\u00fdm k\u0159ikloun\u016fm. Proto\u017ee to znamen\u00e1 lep\u0161\u00ed volebn\u00ed preference. A t\u00edm \u0161anci na m\u00edsta tam naho\u0159e, kde se hodn\u011b vyd\u011bl\u00e1v\u00e1 a kde si politici \u010dasto zvy\u0161uj\u00ed platy podle sv\u00fdch p\u0159edstav. A \u017ee je to v\u0161echno na dluh? To nikoho nezaj\u00edm\u00e1. Dokud nebude pozd\u011b.                                                                                                                                                                                                                                                                                                                                                                                        4.1\/5 - (8 votes)        "},{"@context":"https:\/\/schema.org\/","@type":"BreadcrumbList","itemListElement":[{"@type":"ListItem","position":1,"name":"Nen\u00ed d\u016fvod k j\u00e1sotu","item":"https:\/\/www.olung.cz\/neni-duvod-k-jasotu\/#breadcrumbitem"}]}]