[{"@context":"https:\/\/schema.org\/","@type":"Article","@id":"https:\/\/www.olung.cz\/vyzdobene-veci-k-vanocum-patri\/#Article","mainEntityOfPage":"https:\/\/www.olung.cz\/vyzdobene-veci-k-vanocum-patri\/","headline":"Vyzdoben\u00e9 v\u011bci k v\u00e1noc\u016fm pat\u0159\u00ed","name":"Vyzdoben\u00e9 v\u011bci k v\u00e1noc\u016fm pat\u0159\u00ed","description":"Plastov\u00e9 kv\u011btin\u00e1\u010de m\u016f\u017eete m\u00edt klidn\u011b venku i v zim\u011b. J\u00e1 se p\u0159izn\u00e1m, \u017ee jsem takov\u00fd bl\u00e1zen, \u017ee plastov\u00e9 kv\u011btin\u00e1\u010de m\u00edv\u00e1m p\u0159es zimu i venku, a do toho d\u00e1m n\u011bjak\u00e9 kr\u00e1sn\u00e9 v\u00e1no\u010dn\u00ed ozdoby nebo v\u00e1no\u010dn\u00ed strome\u010dek. Tyto kr\u00e1sn\u00e9 v\u011bci si p\u0159ed","datePublished":"2024-11-27","dateModified":"2024-11-27","author":{"@type":"Person","@id":"https:\/\/www.olung.cz\/author\/#Person","name":"","url":"https:\/\/www.olung.cz\/author\/","identifier":1,"image":{"@type":"ImageObject","@id":"https:\/\/secure.gravatar.com\/avatar\/4860d213c5bedfa07ff2b166ff7b069759f9dbf79eae813578c75f9f8cb939b7?s=96&d=mm&r=g","url":"https:\/\/secure.gravatar.com\/avatar\/4860d213c5bedfa07ff2b166ff7b069759f9dbf79eae813578c75f9f8cb939b7?s=96&d=mm&r=g","height":96,"width":96}},"publisher":{"@type":"Organization","name":"olung.cz","logo":{"@type":"ImageObject","@id":"\/logo.png","url":"\/logo.png","width":600,"height":60}},"image":{"@type":"ImageObject","@id":"https:\/\/www.olung.cz\/wp-content\/uploads\/istockphoto-1290882901-612x612_2.jpg","url":"https:\/\/www.olung.cz\/wp-content\/uploads\/istockphoto-1290882901-612x612_2.jpg","height":0,"width":0},"url":"https:\/\/www.olung.cz\/vyzdobene-veci-k-vanocum-patri\/","about":["Nakupov\u00e1n\u00ed"],"wordCount":527,"articleBody":"       Plastov\u00e9 kv\u011btin\u00e1\u010de m\u016f\u017eete m\u00edt klidn\u011b venku i v zim\u011b. J\u00e1 se p\u0159izn\u00e1m, \u017ee jsem takov\u00fd bl\u00e1zen, \u017ee plastov\u00e9 kv\u011btin\u00e1\u010de m\u00edv\u00e1m p\u0159es zimu i venku, a do toho d\u00e1m n\u011bjak\u00e9 kr\u00e1sn\u00e9 v\u00e1no\u010dn\u00ed ozdoby nebo v\u00e1no\u010dn\u00ed strome\u010dek. Tyto kr\u00e1sn\u00e9 v\u011bci si p\u0159ed domem p\u011bkn\u011b nazdob\u00edm a kv\u011btin\u00e1\u010d vypad\u00e1 opravdu velice dokonale. Je \u00fapln\u011b jedno, jakou m\u00e1te fantazii, proto\u017ee ka\u017ed\u00fd \u010dlov\u011bk m\u00e1 svou fantazii, sv\u00e9 n\u00e1pady a my\u0161lenky, a je pot\u0159eba je zrealizovat, aby se va\u0161e kv\u011btin\u00e1\u010de nejen v letn\u00edch m\u011bs\u00edc\u00edch, ale i v t\u011bch zimn\u00edch p\u011bkn\u011b o\u017eivily, a to pr\u00e1v\u011b na tu v\u00e1no\u010dn\u00ed sez\u00f3nu. Koupila jsem si kr\u00e1sn\u00fd plastov\u00fd kv\u011btin\u00e1\u010d lepaso.cz, tak jsem v\u011bd\u011bla p\u0159esn\u011b, co do n\u011bj d\u00e1m, proto jsem si ho tak\u00e9 koupila, proto\u017ee \u010dlov\u011bk by m\u011bl m\u00edt u\u017e p\u0159edem rozmy\u0161leno, co p\u0159esn\u011b do toho kv\u011btin\u00e1\u010de bude d\u00e1vat.  Byla jsem tam, jak u\u017e jsem \u0159\u00edkala, v\u00e1no\u010dn\u00ed ozdoby a v\u00e1no\u010dn\u00ed strome\u010dek, a dala jsem na to i v\u00e1no\u010dn\u00ed sv\u011bt\u00fdlka, kter\u00e1 ten plastov\u00fd kv\u011btin\u00e1\u010d p\u011bkn\u011b o\u017eivila. M\u016f\u017eu v\u00e1m \u0159\u00edct, \u017ee v\u0161echno vypad\u00e1 velice kr\u00e1sn\u011b a hlavn\u011b to nen\u00ed v\u016fbec nic t\u011b\u017ek\u00e9ho ani n\u00e1ro\u010dn\u00e9ho, http:\/\/tapolitika.cz\/z-domova\/soucasne-deni\/kanal-pro-narocneho-divaka-to-prehnal\/  proto\u017ee za chvilku m\u00e1te kv\u011btin\u00e1\u010d jako nazdoben\u00fd a m\u016f\u017eete si u\u017e\u00edvat dal\u0161\u00ed skv\u011blou v\u00fdzdobu pro v\u00e1\u0161 domov, neboli to, co m\u00e1te p\u0159ed domem. Je v\u0161echno \u00fapln\u011b na v\u00e1s, jak se v\u00e1m l\u00edb\u00ed ty v\u011bci, kter\u00e9 si uspo\u0159\u00e1d\u00e1te dle sv\u00fdch p\u0159edstav. J\u00e1 si mysl\u00edm, \u017ee plastov\u00e9 kv\u011btin\u00e1\u010de ni\u010demu nevad\u00ed, kdy\u017e jsou venku, proto\u017ee se nic nestane; aspo\u0148 teda u m\u011b se nic nestalo, a mysl\u00edm si, \u017ee to pr\u00e1v\u011b vypad\u00e1 hrozn\u011b kr\u00e1sn\u011b, kdy\u017e si m\u016f\u017eete na V\u00e1noce vytvo\u0159it takovou kr\u00e1snou v\u00e1no\u010dn\u00ed v\u00fdzdobu, kter\u00e1 dod\u00e1 kr\u00e1sn\u00fd \u0161mrnc a pozitivn\u00ed v\u00e1no\u010dn\u00ed n\u00e1ladu.  J\u00e1 ty V\u00e1noce chci v\u017edycky ka\u017ed\u00fd rok pro\u017e\u00edt s klidem a radost\u00ed jen d\u00edky tomu, jakou si ud\u011bl\u00e1m v\u00fdzdobu. I ta v\u00fdzdoba dod\u00e1 prost\u011b \u010dlov\u011bku velkou energii, nad\u011bji a ud\u011bl\u00e1 ty V\u00e1noce p\u011bkn\u00e9, proto ur\u010dit\u011b vyzkou\u0161ejte tak\u00e9 si vytvo\u0159it r\u016fznou v\u00fdzdobu, jako to d\u011bl\u00e1m j\u00e1, proto\u017ee si mysl\u00edm, \u017ee to k V\u00e1noc\u016fm pat\u0159\u00ed, a ty V\u00e1noce jsou potom pest\u0159ej\u0161\u00ed, maj\u00ed v\u011bt\u0161\u00ed v\u00fdznam, a rozhodn\u011b je pot\u0159eba si ty V\u00e1noce u\u017e\u00edt velk\u00fdm zp\u016fsobem, proto\u017ee ty V\u00e1noce jsou jednou za rok a m\u011bly by se pro\u017e\u00edt s velkou radost\u00ed, p\u011bknou v\u00fdzdobou a hlavn\u011b s rodinou pohromad\u011b.                                                                                                                                                                                                                                                                                                                                                                                          4\/5 - (3 votes)        "},{"@context":"https:\/\/schema.org\/","@type":"BreadcrumbList","itemListElement":[{"@type":"ListItem","position":1,"name":"Vyzdoben\u00e9 v\u011bci k v\u00e1noc\u016fm pat\u0159\u00ed","item":"https:\/\/www.olung.cz\/vyzdobene-veci-k-vanocum-patri\/#breadcrumbitem"}]}]